[{"@context":"https:\/\/schema.org\/","@type":"Article","@id":"https:\/\/www.sehi.sk\/oslavujte-svoje-telo\/#Article","mainEntityOfPage":"https:\/\/www.sehi.sk\/oslavujte-svoje-telo\/","headline":"Oslavujte svoje telo!","name":"Oslavujte svoje telo!","description":"Len\u017ee kto stanovil tento ide\u00e1l? Kto ur\u010dil, \u010do je kr\u00e1sne a \u010do u\u017e nie? My sami, preto\u017ee sme si prostredn\u00edctvom soci\u00e1lnych siet\u00ed i telev\u00edznych programov nechali nan\u00fati\u0165 tich\u00fd konsenzus istej skupiny \u013eud\u00ed, ktor\u00e1 nastavila hranicu toho, \u010do je a \u010do u\u017e nie je kr\u00e1sne. Tak\u00e1to situ\u00e1cia v\u0161ak nenastala prv\u00fdkr\u00e1t, preto\u017ee [&hellip;]","datePublished":"2022-08-21","dateModified":"2024-02-21","author":{"@type":"Person","@id":"https:\/\/www.sehi.sk\/author\/#Person","name":"","url":"https:\/\/www.sehi.sk\/author\/","identifier":1,"image":{"@type":"ImageObject","@id":"https:\/\/secure.gravatar.com\/avatar\/8eaf08ef5a7e54fc91db02b2058b03bc913caaaa39c046819bbf43d06bd23c2b?s=96&d=mm&r=g","url":"https:\/\/secure.gravatar.com\/avatar\/8eaf08ef5a7e54fc91db02b2058b03bc913caaaa39c046819bbf43d06bd23c2b?s=96&d=mm&r=g","height":96,"width":96}},"publisher":{"@type":"Organization","name":"sehi.sk","logo":{"@type":"ImageObject","@id":"\/logo.png","url":"\/logo.png","width":600,"height":60}},"image":{"@type":"ImageObject","@id":"https:\/\/www.sehi.sk\/wp-content\/uploads\/girl-gddcfaf14b_640.jpg","url":"https:\/\/www.sehi.sk\/wp-content\/uploads\/girl-gddcfaf14b_640.jpg","height":0,"width":0},"url":"https:\/\/www.sehi.sk\/oslavujte-svoje-telo\/","about":["Nakupovanie"],"wordCount":487,"articleBody":"   Len\u017ee kto stanovil tento ide\u00e1l? Kto ur\u010dil, \u010do je kr\u00e1sne a \u010do u\u017e nie? My sami, preto\u017ee sme si prostredn\u00edctvom soci\u00e1lnych siet\u00ed i telev\u00edznych programov nechali nan\u00fati\u0165 tich\u00fd konsenzus istej skupiny \u013eud\u00ed, ktor\u00e1 nastavila hranicu toho, \u010do je a \u010do u\u017e nie je kr\u00e1sne. Tak\u00e1to situ\u00e1cia v\u0161ak nenastala prv\u00fdkr\u00e1t, preto\u017ee v priebehu dej\u00edn sme sa u\u017e mnohokr\u00e1t mohli stretn\u00fa\u0165 s t\u00fdm, \u017ee nejak\u00e1 kult\u00fara \u010di historick\u00e1 epocha sa chcela ist\u00fdm sp\u00f4sobom vymedzi\u0165 vo\u010di ostatn\u00fdm a tak navrhla ur\u010dit\u00e9 krit\u00e9ri\u00e1, pod\u013ea ktor\u00fdch bolo mo\u017en\u00e9 vyhodnoti\u0165 estetick\u00fa pr\u00ed\u0165a\u017elivos\u0165 nejakej osoby a propagovala ju medzi \u013eu\u010fmi. T\u00fdm, \u017ee sa verejnos\u0165 s t\u00fdmto rozhodnut\u00edm stoto\u017enila, bol prijat\u00fd ide\u00e1l kr\u00e1sy, ktor\u00e9mu sa v\u0161etci chceli podoba\u0165. Rozdiel je v tom, \u017ee v\u010faka technol\u00f3gi\u00e1m sa tento vzor \u0161\u00edri medzi \u013eu\u010fmi ove\u013ea r\u00fdchlej\u0161ie ako to bolo v minulosti a preto s\u00fa jeho d\u00f4sledky ove\u013ea alarmuj\u00facej\u0161ie. Nechcem t\u00fdm poveda\u0165, \u017ee v minulosti boli tieto n\u00e1sledky ban\u00e1lne a \u017ee nedoch\u00e1dzalo k sebapo\u0161kodzovaniu ba a\u017e k seba-mrza\u010deniu. Len\u017ee ide\u00e1l, ktor\u00fd bol niekedy vnucovan\u00fd men\u0161ej skupine \u013eud\u00ed, na n\u00e1s dnes vyskakuje doslova v\u0161ade &#8211; v reklam\u00e1ch, na billboardoch, v magaz\u00ednoch, na Instagrame&#8230;Spom\u00ednam to z dvoch d\u00f4vodov. V prvom rade je pod\u013ea m\u0148a  https:\/\/www.supermusic.cz\/skupina.php%3Fidpiesne%3D177303 potrebn\u00e9 neust\u00e1le na to upozor\u0148ova\u0165, preto\u017ee sme sa nau\u010dili sp\u013a\u0148a\u0165 ist\u00e9 o\u010dak\u00e1vania a prejavova\u0165 svoju individualitu iba do ur\u010ditej pr\u00edpustnej miery, aby sme prive\u013emi nevybo\u010dovali z \u201enorm\u00e1lu\u201c a sme ochotn\u00ed a schopn\u00ed ohrozova\u0165 svoje zdravie, kv\u00f4li nejak\u00e9mu vymyslen\u00e9mu vzoru, ktor\u00e9mu by sme sa mali podoba\u0165. Inak povedan\u00e9, oklie\u0161\u0165ujeme svoju osobitos\u0165 a hazardujeme so svoj\u00edm zdrav\u00edm iba preto, \u017ee sme si nechali vn\u00fati\u0165, \u017ee sa mus\u00edme fyzicky prisp\u00f4sobi\u0165 pr\u00e1ve vl\u00e1dnucemu estetick\u00e9mu ide\u00e1lu, aby sme boli pr\u00ed\u0165a\u017eliv\u00ed. Sme nespokojn\u00ed, ak sa n\u00e1m to nedar\u00ed alebo sa jednoducho iba prirodzene vymyk\u00e1me nastaven\u00e9mu vzoru. \u010co n\u00e1s priv\u00e1dza k druh\u00e9mu d\u00f4le\u017eit\u00e9mu bodu &#8211; k subjekt\u00edvnemu vn\u00edmaniu seba sam\u00fdch, ktor\u00e9 je takto na\u0161trben\u00e9. Je potrebn\u00e9 si uvedomi\u0165, \u017ee nem\u00f4\u017eeme v\u0161etci vyzera\u0165 rovnako a \u017ee by sme na to mali by\u0165 hrd\u00ed, preto\u017ee zo subjekt\u00edvneho h\u013eadiska lahod\u00ed ka\u017ed\u00e9mu oku nie\u010do in\u00e9. Mali by ste preto oslavova\u0165 ka\u017ed\u00fa krivku svojho nah\u00e9ho tela. Ur\u010dite v\u00e1m s t\u00fdm pom\u00f4\u017ee aj so svojou ponukou tantrick\u00fdch mas\u00e1\u017e\u00ed, ktor\u00e9 s\u00fa okrem in\u00e9ho aj skvel\u00fdm prostriedkom na seba-prijatie.                                                                                                                                                                                                                                                                                                                                                                                                   "},{"@context":"https:\/\/schema.org\/","@type":"BreadcrumbList","itemListElement":[{"@type":"ListItem","position":1,"name":"Oslavujte svoje telo!","item":"https:\/\/www.sehi.sk\/oslavujte-svoje-telo\/#breadcrumbitem"}]}]