[{"@context":"https:\/\/schema.org\/","@type":"Article","@id":"https:\/\/www.sehi.sk\/nezaujima-sa-o-deti\/#Article","mainEntityOfPage":"https:\/\/www.sehi.sk\/nezaujima-sa-o-deti\/","headline":"Nezauj\u00edma sa o deti","name":"Nezauj\u00edma sa o deti","description":"Som s priate\u013ekou u\u017e asi b\u00fdvalou 10 rokov\u2026. Mame spolu 2 kr\u00e1sne deti plus ona m\u00e1 jedno z predch\u00e1dzaj\u00faceho vz\u0165ahu ale to dieta svojho oca nepozn\u00e1.. mali sme m\u00e1 za\u010diatku vz\u0165ahu trosku zle obdobie a boli podveden\u00fd obaja\u2026. Potom pri\u0161li kr\u00e1sne momenty ke\u010f sa n\u00e1m narodili deti\u2026 vytvorili spre nich [&hellip;]","datePublished":"2023-05-08","dateModified":"2024-02-21","author":{"@type":"Person","@id":"https:\/\/www.sehi.sk\/author\/#Person","name":"","url":"https:\/\/www.sehi.sk\/author\/","identifier":1,"image":{"@type":"ImageObject","@id":"https:\/\/secure.gravatar.com\/avatar\/8eaf08ef5a7e54fc91db02b2058b03bc913caaaa39c046819bbf43d06bd23c2b?s=96&d=mm&r=g","url":"https:\/\/secure.gravatar.com\/avatar\/8eaf08ef5a7e54fc91db02b2058b03bc913caaaa39c046819bbf43d06bd23c2b?s=96&d=mm&r=g","height":96,"width":96}},"publisher":{"@type":"Organization","name":"sehi.sk","logo":{"@type":"ImageObject","@id":"\/logo.png","url":"\/logo.png","width":600,"height":60}},"image":{"@type":"ImageObject","@id":"https:\/\/www.sehi.sk\/wp-content\/uploads\/couple-1718244_1280%20(2)_10_10_10_10_10.jpg","url":"https:\/\/www.sehi.sk\/wp-content\/uploads\/couple-1718244_1280%20(2)_10_10_10_10_10.jpg","height":0,"width":0},"url":"https:\/\/www.sehi.sk\/nezaujima-sa-o-deti\/","about":["Domov"],"wordCount":410,"articleBody":"Som s priate\u013ekou u\u017e asi b\u00fdvalou 10 rokov\u2026. Mame spolu 2 kr\u00e1sne deti plus ona m\u00e1 jedno z predch\u00e1dzaj\u00faceho vz\u0165ahu ale to dieta svojho oca nepozn\u00e1.. mali sme m\u00e1 za\u010diatku vz\u0165ahu trosku zle obdobie a boli podveden\u00fd obaja\u2026. Potom pri\u0161li kr\u00e1sne momenty ke\u010f sa n\u00e1m narodili deti\u2026 vytvorili spre nich spolo\u010dne domov\u2026 asi posledn\u00fd mesiac chodila do prace ale z prace nechodila domov ale st\u00e1le \u017ee vraj bola u nejakej kamo\u0161ky 2-3 hodiny a\u017e potom domov\u2026 za\u010dala sa spr\u00e1va\u0165 cudne ke\u010f bola doma skrivat telef\u00f3n chodi\u0165 na wc s tel hlavne v noci\u2026 tak som sa jej teda sp\u00fdtal ci si s niekym p\u00ed\u0161e alebo s niekym nie\u010do m\u00e1 jej odpoved bola \u017ee si p\u00ed\u0161e s kolegom z prace\u202631 decembra sme sa poh\u00e1dali a ona odisla tr\u00e1vi\u0165 Silvester ku kamar\u00e1tke aj s de\u0165mi\u2026 medzi\u010dasom som sa dozvedel \u017ee ten chlap je \u017eenat\u00fd a m\u00e1 m\u00e1 mali\u010dk\u00e9 deti o ktor\u00e9 sa v\u00f4bec nestar\u00e1\u2026 2. Janu\u00e1ra mi priniesla deti moja partnerka alebo ex partnerka neviem\u2026 od vtedy sa o nich nezauj\u00edma\u2026 nezavol\u00e1 nenap\u00ed\u0161e ani mne ani de\u0165om\u2026 p\u00fdtal som sa jej \u010do chce robi\u0165 \u010falej tak odpoved nieje nikdy \u017eiadna\u2026 p\u00fdtal som sa jej ci sa vr\u00e1ti domov odpoved nieje nikdy a \u017eiadna\u2026dozvedel som sa \u017ee s t\u00fdm p\u00e1nom vraj bola na Silvestra asi 3 hod pri na\u0161ich de\u0165och a ke\u010f som potreboval aby pri\u0161la k n\u00edm lebo som i\u0161iel do prace tak odpoved bola \u017ee nie lebo ide do prace ale do tej prace ne\u0161la a bola s n\u00edm\u2026 n\u00e1sledne v\u010dera mi volala \u017eena toho chlapa s pla\u010dom \u017ee od nej odch\u00e1dza a \u017ee sa nestar\u00e1 o deti\u2026 neviem, \u010do m\u00e1m robi\u0165. Som z\u00fafal\u00fd u\u017e a v\u0161etko sa na mna kopi z ka\u017edej stranyokrem toho vlastne v\u00f4bec nedok\u00e1\u017eem pochopi\u0165, ako mi toto a nie\u010do tak\u00e9 mohla urobi\u0165 po to\u013ek\u00fdch rokoch vz\u0165ahu. St\u00e1le nad t\u00fdm prem\u00fd\u0161\u013eam ale nech chcem, nedok\u00e1\u017eem s\u00e1m sebe odpoveda\u0165 a c\u00edtim sa hrozne s\u00e1m a opustene. Nerozumiem tomu, pre\u010do sa to stalo pr\u00e1ve m\u0148a. Je mi z toho akur\u00e1t smutno a ut\u00e1pam sa v strese a smutku, nedok\u00e1\u017eem to pochopi\u0165.\u00a0                                                                                                                                                                                                                                                                                                                                                                                                "},{"@context":"https:\/\/schema.org\/","@type":"BreadcrumbList","itemListElement":[{"@type":"ListItem","position":1,"name":"Nezauj\u00edma sa o deti","item":"https:\/\/www.sehi.sk\/nezaujima-sa-o-deti\/#breadcrumbitem"}]}]